{"id":5839,"date":"2025-08-28T17:26:20","date_gmt":"2025-08-28T15:26:20","guid":{"rendered":"https:\/\/www.horsedeal.com\/blog\/?p=5839"},"modified":"2025-08-28T17:28:49","modified_gmt":"2025-08-28T15:28:49","slug":"herbstgraeser-und-ihre-tuecken-so-bleibt-dein-pferd-gesund","status":"publish","type":"post","link":"https:\/\/www.horsedeal.com\/blog\/pferdewissen\/fuetterung\/herbstgraeser-und-ihre-tuecken-so-bleibt-dein-pferd-gesund","title":{"rendered":"Herbstgr\u00e4ser und ihre T\u00fccken: So bleibt dein Pferd gesund"},"content":{"rendered":"<div id=\"bsf_rt_marker\"><\/div><p>Der \u00dcbergang vom Sp\u00e4tsommer in den Herbst ist zwar landschaftlich reizvoll, stellt aber f\u00fcr die Pferdef\u00fctterung eine Herausforderung dar. W\u00e4hrend die Temperaturen sinken und die Tage k\u00fcrzer werden, ver\u00e4ndert sich auch die Zusammensetzung der Weidegr\u00e4ser. Gerade diese sogenannten \u201eHerbstgr\u00e4ser\u201c sind es, die bei falschem Management gesundheitliche Risiken bergen k\u00f6nnen. In diesem Beitrag erf\u00e4hrst Du, worauf Du bei der F\u00fctterung in der \u00dcbergangszeit achten solltest und wie Du dein Pferd optimal auf die Wintermonate vorbereitest.<\/p>\n<h2 id=\"was-sind-herbstgraeser-und-warum-sind-sie-kritisch\">Was sind \u201eHerbstgr\u00e4ser\u201c und warum sind sie kritisch?<\/h2>\n<p>\u201eHerbstgr\u00e4ser\u201c sind junge, nachwachsende Gr\u00e4ser, die nach dem letzten Schnitt oder der Sommerweide auf den Fl\u00e4chen spriessen. Sie sind oft sehr weich, wasser- und n\u00e4hrstoffreich, aber arm an Rohfaser. Durch k\u00fchlere N\u00e4chte und sonnige Tage steigt zudem der Gehalt an leicht l\u00f6slichen Kohlenhydraten &#8211; insbesondere Fruktan.<\/p>\n<p>Diese Kombination macht Herbstgras zwar besonders schmackhaft, kann aber bei empfindlichen Pferden zu Problemen f\u00fchren:<\/p>\n<ul>\n<li>Kolikneigung<\/li>\n<li>Durchfall oder Kotwasser<\/li>\n<li>Stoffwechselentgleisungen (z.\u202fB. EMS, PSSM)<\/li>\n<li>Hufrehe<\/li>\n<\/ul>\n<p>Gerade reheanf\u00e4llige Pferde oder solche mit bestehenden Stoffwechselst\u00f6rungen ben\u00f6tigen jetzt eine besonders kontrollierte Futteraufnahme.<\/p>\n<h2 id=\"weidezeit-im-herbst-besser-reduzieren-als-riskieren\">Weidezeit im Herbst: besser reduzieren als riskieren<\/h2>\n<p><img loading=\"lazy\" decoding=\"async\" class=\"alignnone size-full wp-image-5842\" src=\"https:\/\/www.horsedeal.com\/blog\/wp-content\/uploads\/2025\/08\/weidezeit-im-herbst-besser-reduzieren-als-riskieren.webp\" alt=\"Vier Pferde fressen Herbstgr\u00e4ser auf Herbstweide \u00fcber dem Nebelmeer\" width=\"1500\" height=\"1000\" srcset=\"https:\/\/www.horsedeal.com\/blog\/wp-content\/uploads\/2025\/08\/weidezeit-im-herbst-besser-reduzieren-als-riskieren.webp 1500w, https:\/\/www.horsedeal.com\/blog\/wp-content\/uploads\/2025\/08\/weidezeit-im-herbst-besser-reduzieren-als-riskieren-1280x853.webp 1280w, https:\/\/www.horsedeal.com\/blog\/wp-content\/uploads\/2025\/08\/weidezeit-im-herbst-besser-reduzieren-als-riskieren-980x653.webp 980w, https:\/\/www.horsedeal.com\/blog\/wp-content\/uploads\/2025\/08\/weidezeit-im-herbst-besser-reduzieren-als-riskieren-480x320.webp 480w\" sizes=\"(min-width: 0px) and (max-width: 480px) 480px, (min-width: 481px) and (max-width: 980px) 980px, (min-width: 981px) and (max-width: 1280px) 1280px, (min-width: 1281px) 1500px, 100vw\" \/><\/p>\n<p><strong>Tipp:<\/strong> Wie Du dein Pferd im Fr\u00fchjahr sicher an frisches Gras gew\u00f6hnst, erf\u00e4hrst Du auch in unserem Beitrag <a href=\"https:\/\/www.horsedeal.com\/blog\/pferdewissen\/fuetterung\/richtiges-anweiden-im-fruehjahr-so-gewoehnt-sich-dein-pferd-sicher-an-frisches-gras\">Richtiges Anweiden im Fr\u00fchjahr<\/a>.<\/p>\n<p>Nach der Hauptweidesaison ist es wichtig, die t\u00e4gliche Weidedauer im Herbst gezielt anzupassen. Auch wenn das Gras saftig gr\u00fcn aussieht, ist es in dieser Zeit oft besonders zuckerreich. Einige Tipps f\u00fcr ein angepasstes Weidemanagement:<\/p>\n<ul>\n<li><strong>Tageszeit beachten:<\/strong> Vormittags ist der Fruktangehalt durch n\u00e4chtliche K\u00e4lte oft erh\u00f6ht. Wei-deg\u00e4nge am sp\u00e4ten Vormittag oder fr\u00fchen Nachmittag sind g\u00fcnstiger.<\/li>\n<li><strong>Weidezeit begrenzen:<\/strong> F\u00fcr empfindliche Pferde nur kurze, kontrollierte Phasen auf der Weide.<\/li>\n<li><strong>Bewegung sicherstellen:<\/strong> Regelm\u00e4ssige Bewegung hilft, den Stoffwechsel aktiv zu halten und Fruktanspitzen besser zu verarbeiten.<\/li>\n<\/ul>\n<h2 id=\"uebergang-zur-stallfuetterung-richtig-gestalten\">\u00dcbergang zur Stallf\u00fctterung richtig gestalten<\/h2>\n<p><img loading=\"lazy\" decoding=\"async\" class=\"alignnone size-full wp-image-5843\" src=\"https:\/\/www.horsedeal.com\/blog\/wp-content\/uploads\/2025\/08\/uebergang-zur-stallfuetterung-richtig-gestallten.webp\" alt=\"Pferd mit weisser Blesse frisst trockenes Heu im Stall\" width=\"1500\" height=\"1000\" srcset=\"https:\/\/www.horsedeal.com\/blog\/wp-content\/uploads\/2025\/08\/uebergang-zur-stallfuetterung-richtig-gestallten.webp 1500w, https:\/\/www.horsedeal.com\/blog\/wp-content\/uploads\/2025\/08\/uebergang-zur-stallfuetterung-richtig-gestallten-1280x853.webp 1280w, https:\/\/www.horsedeal.com\/blog\/wp-content\/uploads\/2025\/08\/uebergang-zur-stallfuetterung-richtig-gestallten-980x653.webp 980w, https:\/\/www.horsedeal.com\/blog\/wp-content\/uploads\/2025\/08\/uebergang-zur-stallfuetterung-richtig-gestallten-480x320.webp 480w\" sizes=\"(min-width: 0px) and (max-width: 480px) 480px, (min-width: 481px) and (max-width: 980px) 980px, (min-width: 981px) and (max-width: 1280px) 1280px, (min-width: 1281px) 1500px, 100vw\" \/><\/p>\n<p>Mit dem R\u00fcckgang der Weidezeiten wird die Stallf\u00fctterung wieder zum zentralen Bestandteil der Tagesration. Damit die Umstellung m\u00f6glichst reibungslos erfolgt, solltest Du folgende Punkte beachten:<\/p>\n<ul>\n<li><strong>Raufutter zuerst:<\/strong> Hochwertiges Heu oder Heulage bildet jetzt die Futtergrundlage. Achte auf ausreichende Menge (t\u00e4glich mind. 1.5\u202fkg \/ 100\u202fkg K\u00f6rpergewicht).<\/li>\n<li><strong>Futterwechsel langsam gestalten:<\/strong> Neue Futtermittel (z.\u202fB. neues Heu, Heulage) immer \u00fcber mehrere Tage anf\u00fcttern.<\/li>\n<li><strong>Verdauung unterst\u00fctzen:<\/strong> Die Verdauung braucht Zeit, um sich anzupassen. Gezielte Zus\u00e4tze, ausreichend Bewegung und eine gute Wasseraufnahme helfen.<\/li>\n<\/ul>\n<h2 id=\"energie-und-mineralstoffversorgung-im-herbst\">Energie- und Mineralstoffversorgung im Herbst<\/h2>\n<p><img loading=\"lazy\" decoding=\"async\" class=\"alignnone size-full wp-image-5844\" src=\"https:\/\/www.horsedeal.com\/blog\/wp-content\/uploads\/2025\/08\/energie-und-mineralstoffversorgung-im-herbst.webp\" alt=\"Pferd bekommt Mineralstoff-Futter von Besitzerin in der hohlen Hand\" width=\"1500\" height=\"1000\" srcset=\"https:\/\/www.horsedeal.com\/blog\/wp-content\/uploads\/2025\/08\/energie-und-mineralstoffversorgung-im-herbst.webp 1500w, https:\/\/www.horsedeal.com\/blog\/wp-content\/uploads\/2025\/08\/energie-und-mineralstoffversorgung-im-herbst-1280x853.webp 1280w, https:\/\/www.horsedeal.com\/blog\/wp-content\/uploads\/2025\/08\/energie-und-mineralstoffversorgung-im-herbst-980x653.webp 980w, https:\/\/www.horsedeal.com\/blog\/wp-content\/uploads\/2025\/08\/energie-und-mineralstoffversorgung-im-herbst-480x320.webp 480w\" sizes=\"(min-width: 0px) and (max-width: 480px) 480px, (min-width: 481px) and (max-width: 980px) 980px, (min-width: 981px) and (max-width: 1280px) 1280px, (min-width: 1281px) 1500px, 100vw\" \/><\/p>\n<p>Viele Pferde fahren im Herbst ihren Energieverbrauch leicht herunter &#8211; durch k\u00fchlere Temperaturen, weniger Bewegung und k\u00fcrzere Tage. Gleichzeitig bereitet sich der Organismus auf den Winter vor.<br \/>\nDas bedeutet:<\/p>\n<ul>\n<li>F\u00fcr leichtfuttrige Pferde ist im Herbst Vorsicht geboten. Sie ben\u00f6tigen h\u00e4ufig keine zus\u00e4tzliche Energie \u00fcber Kraftfutter.<\/li>\n<li>F\u00fcr schwerfuttrige oder sportlich aktive Pferde kann eine angepasste Kraftfuttergabe sinnvoll sein &#8211; allerdings unter Kontrolle des K\u00f6rpergewichts.<\/li>\n<\/ul>\n<p>Achte darauf, dass dein Pferd nicht unbemerkt Gewicht verliert oder zunimmt.<\/p>\n<p><strong>Nicht vergessen:<\/strong> Eine ausreichende Mineralstoffversorgung ist f\u00fcr alle Pferde und Ponys wichtig, egal ob dick oder d\u00fcnn. Es gibt mittlerweile f\u00fcr jeden Fall das passende Mineralfutter, z. B. ge-treidefreie oder besonders spurenelementreiche, bspw. f\u00fcr Pferde mit Hautproblemen. Achte darauf, die Einsatzempfehlungen des jeweiligen Herstellers zu beachten, um sowohl eine \u00dcber- als auch Unterversorgung zu vermeiden.<\/p>\n<h2 id=\"fellwechsel-begleiten\">Fellwechsel begleiten<\/h2>\n<p><img loading=\"lazy\" decoding=\"async\" class=\"alignnone size-full wp-image-5845\" src=\"https:\/\/www.horsedeal.com\/blog\/wp-content\/uploads\/2025\/08\/fellwechsel-begleiten.webp\" alt=\"Zwei Pferde mit braunem Fell\" width=\"1500\" height=\"1000\" srcset=\"https:\/\/www.horsedeal.com\/blog\/wp-content\/uploads\/2025\/08\/fellwechsel-begleiten.webp 1500w, https:\/\/www.horsedeal.com\/blog\/wp-content\/uploads\/2025\/08\/fellwechsel-begleiten-1280x853.webp 1280w, https:\/\/www.horsedeal.com\/blog\/wp-content\/uploads\/2025\/08\/fellwechsel-begleiten-980x653.webp 980w, https:\/\/www.horsedeal.com\/blog\/wp-content\/uploads\/2025\/08\/fellwechsel-begleiten-480x320.webp 480w\" sizes=\"(min-width: 0px) and (max-width: 480px) 480px, (min-width: 481px) and (max-width: 980px) 980px, (min-width: 981px) and (max-width: 1280px) 1280px, (min-width: 1281px) 1500px, 100vw\" \/><\/p>\n<p><strong>Tipp:<\/strong> In unserem Beitrag <a href=\"https:\/\/www.horsedeal.com\/blog\/pferdewissen\/gesundheit\/der-fellwechsel-kommt-hilfst-du-deinem-pferd-im-fruehjahr-und-herbst\">Der Fellwechsel kommt: So hilfst Du deinem Pferd im Fr\u00fchjahr und Herbst<\/a> findest Du eine ausf\u00fchrliche \u00dcbersicht, wie Du den Fellwechsel mit F\u00fctterung, Pflege und Bewegung gezielt unterst\u00fctzen kannst.<\/p>\n<p>Der Fellwechsel beginnt oft schon im Sommer, setzt sich aber bis in den Herbst hinein fort. Gerade in dieser Phase ben\u00f6tigt der Organismus deines Pferdes zus\u00e4tzliche Unterst\u00fctzung:<\/p>\n<ul>\n<li><strong>Essenzielle Aminos\u00e4uren:<\/strong> F\u00fcr die Neubildung des Haarkleids<\/li>\n<li><strong>Biotin und Zink:<\/strong> F\u00fcr Fell, Haut und Hufe<\/li>\n<li><strong>Regelm\u00e4ssige Fellpflege:<\/strong> Zur Durchblutung der Haut und F\u00f6rderung des Haarwechsels<\/li>\n<\/ul>\n<p>Achte darauf, dass dein Pferd gen\u00fcgend Ruhephasen hat, aber auch ausreichend bewegt wird &#8211; das f\u00f6rdert Stoffwechsel und Regeneration.<\/p>\n<h2 id=\"futterhygiene-nicht-vergessen\">Futterhygiene nicht vergessen<\/h2>\n<p><strong>Tipp:<\/strong> Ausf\u00fchrliche Hinweise zur Futter- und Wasserqualit\u00e4t findest Du auch in unserem Beitrag <a href=\"https:\/\/www.horsedeal.com\/blog\/pferdewissen\/fuetterung\/heu-und-co-wie-du-die-qualitaet-deiner-futtermittel-im-sommer-sicherstellst\">Heu &amp; Co.: Wie du die Qualit\u00e4t deiner Futtermittel im Sommer sicherstellst<\/a>.<\/p>\n<p>Im Herbst steigt durch feuchteres Wetter und k\u00fchlere Temperaturen auch das Risiko f\u00fcr hygienische Probleme im Futterbereich:<\/p>\n<ul>\n<li>Schimmelgefahr bei Heu, Stroh und Kraftfutter<\/li>\n<li>Algenbildung in Tr\u00e4nken<\/li>\n<li>Schmutz oder Verunreinigungen durch M\u00e4use oder V\u00f6gel<\/li>\n<\/ul>\n<p>Kontrolliere regelm\u00e4ssig:<\/p>\n<ul>\n<li>Heulager und Kraftfuttertonnen<\/li>\n<li>Wassertr\u00e4nken<\/li>\n<li>Futterraufen auf der Weide<\/li>\n<\/ul>\n<p>Nur mit hygienisch einwandfreiem Futter bleibt dein Pferd gesund und leistungsf\u00e4hig.<\/p>\n<h2 id=\"vorbereitung-auf-den-winter\">Vorbereitung auf den Winter<\/h2>\n<p><img loading=\"lazy\" decoding=\"async\" class=\"alignnone size-full wp-image-5846\" src=\"https:\/\/www.horsedeal.com\/blog\/wp-content\/uploads\/2025\/08\/futterhygiene-nicht-vergessen.webp\" alt=\"Braunes Pferd mit Satteldecke frisst aus Heunetz im Stall\" width=\"1500\" height=\"1000\" srcset=\"https:\/\/www.horsedeal.com\/blog\/wp-content\/uploads\/2025\/08\/futterhygiene-nicht-vergessen.webp 1500w, https:\/\/www.horsedeal.com\/blog\/wp-content\/uploads\/2025\/08\/futterhygiene-nicht-vergessen-1280x853.webp 1280w, https:\/\/www.horsedeal.com\/blog\/wp-content\/uploads\/2025\/08\/futterhygiene-nicht-vergessen-980x653.webp 980w, https:\/\/www.horsedeal.com\/blog\/wp-content\/uploads\/2025\/08\/futterhygiene-nicht-vergessen-480x320.webp 480w\" sizes=\"(min-width: 0px) and (max-width: 480px) 480px, (min-width: 481px) and (max-width: 980px) 980px, (min-width: 981px) and (max-width: 1280px) 1280px, (min-width: 1281px) 1500px, 100vw\" \/><\/p>\n<p>Bereits im Herbst kannst Du wichtige Weichen f\u00fcr eine gute Versorgung im Winter stellen:<\/p>\n<ul>\n<li><strong>Heuvorrat pr\u00fcfen:<\/strong> Qualit\u00e4t, Menge und Lagerung sicherstellen.<\/li>\n<li><strong>Ration mit Stallbetreiber oder Tierarzt besprechen:<\/strong> Ist die Energie- und N\u00e4hrstoffversor-gung auch im Winter gew\u00e4hrleistet?<\/li>\n<li><strong>Eindeckung oder Schur planen:<\/strong> Je nach Haltung, Felltyp, Gesundheit, Alter und Nutzung.<\/li>\n<\/ul>\n<p>Ziel ist es, dass dein Pferd gut vorbereitet und m\u00f6glichst stressfrei in die kalte Jahreszeit startet.<\/p>\n<h2 id=\"fazit-mit-umsicht-in-die-goldene-jahreszeit\">Fazit: Mit Umsicht in die goldene Jahreszeit<\/h2>\n<p>\u201eHerbstgr\u00e4ser\u201c sind verf\u00fchrerisch &#8211; aber auch t\u00fcckisch. Mit einem angepassten Weidemanagement, einer durchdachten Umstellung der F\u00fctterung und einer bedarfsgerechten Versorgung mit Raufutter und Mineralstoffen bleibt dein Pferd auch in der \u00dcbergangszeit gesund und leistungsf\u00e4hig. Der Herbst ist die ideale Zeit, um Grundlagen f\u00fcr eine stabile Winterf\u00fctterung zu legen &#8211; damit dein Pferd die kommenden Monate vital und zufrieden meistert.<\/p>\n\n\n<div class=\"kk-star-ratings kksr-auto kksr-align-center kksr-valign-bottom\"\n    data-payload='{&quot;align&quot;:&quot;center&quot;,&quot;id&quot;:&quot;5839&quot;,&quot;slug&quot;:&quot;default&quot;,&quot;valign&quot;:&quot;bottom&quot;,&quot;ignore&quot;:&quot;&quot;,&quot;reference&quot;:&quot;auto&quot;,&quot;class&quot;:&quot;&quot;,&quot;count&quot;:&quot;147&quot;,&quot;legendonly&quot;:&quot;&quot;,&quot;readonly&quot;:&quot;&quot;,&quot;score&quot;:&quot;4.9&quot;,&quot;starsonly&quot;:&quot;&quot;,&quot;best&quot;:&quot;5&quot;,&quot;gap&quot;:&quot;5&quot;,&quot;greet&quot;:&quot;Bewerte diesen Beitrag&quot;,&quot;legend&quot;:&quot;4.9\\\/5 aus 147 Bewertungen&quot;,&quot;size&quot;:&quot;24&quot;,&quot;title&quot;:&quot;Herbstgr\u00e4ser und ihre T\u00fccken: So bleibt dein Pferd gesund&quot;,&quot;width&quot;:&quot;139.6&quot;,&quot;_legend&quot;:&quot;{score}\\\/{best} aus {count} Bewertungen&quot;,&quot;font_factor&quot;:&quot;1.25&quot;}'>\n            \n<div class=\"kksr-stars\">\n    \n<div class=\"kksr-stars-inactive\">\n            <div class=\"kksr-star\" data-star=\"1\" style=\"padding-right: 5px\">\n            \n\n<div class=\"kksr-icon\" style=\"width: 24px; height: 24px;\"><\/div>\n        <\/div>\n            <div class=\"kksr-star\" data-star=\"2\" style=\"padding-right: 5px\">\n            \n\n<div class=\"kksr-icon\" style=\"width: 24px; height: 24px;\"><\/div>\n        <\/div>\n            <div class=\"kksr-star\" data-star=\"3\" style=\"padding-right: 5px\">\n            \n\n<div class=\"kksr-icon\" style=\"width: 24px; height: 24px;\"><\/div>\n        <\/div>\n            <div class=\"kksr-star\" data-star=\"4\" style=\"padding-right: 5px\">\n            \n\n<div class=\"kksr-icon\" style=\"width: 24px; height: 24px;\"><\/div>\n        <\/div>\n            <div class=\"kksr-star\" data-star=\"5\" style=\"padding-right: 5px\">\n            \n\n<div class=\"kksr-icon\" style=\"width: 24px; height: 24px;\"><\/div>\n        <\/div>\n    <\/div>\n    \n<div class=\"kksr-stars-active\" style=\"width: 139.6px;\">\n            <div class=\"kksr-star\" style=\"padding-right: 5px\">\n            \n\n<div class=\"kksr-icon\" style=\"width: 24px; height: 24px;\"><\/div>\n        <\/div>\n            <div class=\"kksr-star\" style=\"padding-right: 5px\">\n            \n\n<div class=\"kksr-icon\" style=\"width: 24px; height: 24px;\"><\/div>\n        <\/div>\n            <div class=\"kksr-star\" style=\"padding-right: 5px\">\n            \n\n<div class=\"kksr-icon\" style=\"width: 24px; height: 24px;\"><\/div>\n        <\/div>\n            <div class=\"kksr-star\" style=\"padding-right: 5px\">\n            \n\n<div class=\"kksr-icon\" style=\"width: 24px; height: 24px;\"><\/div>\n        <\/div>\n            <div class=\"kksr-star\" style=\"padding-right: 5px\">\n            \n\n<div class=\"kksr-icon\" style=\"width: 24px; height: 24px;\"><\/div>\n        <\/div>\n    <\/div>\n<\/div>\n                \n\n<div class=\"kksr-legend\" style=\"font-size: 19.2px;\">\n            4.9\/5 aus 147 Bewertungen    <\/div>\n    <\/div>\n","protected":false},"excerpt":{"rendered":"<p>Der \u00dcbergang vom Sp\u00e4tsommer in den Herbst ist zwar landschaftlich reizvoll, stellt aber f\u00fcr die Pferdef\u00fctterung eine Herausforderung dar. W\u00e4hrend die Temperaturen sinken und die Tage k\u00fcrzer werden, ver\u00e4ndert sich auch die Zusammensetzung der Weidegr\u00e4ser. Gerade diese sogenannten \u201eHerbstgr\u00e4ser\u201c sind es, die bei falschem Management gesundheitliche Risiken bergen k\u00f6nnen. In diesem Beitrag erf\u00e4hrst Du, worauf [&hellip;]<\/p>\n","protected":false},"author":2,"featured_media":5841,"comment_status":"open","ping_status":"open","sticky":false,"template":"","format":"standard","meta":{"_acf_changed":false,"_et_pb_use_builder":"","_et_pb_old_content":"","_et_gb_content_width":"","inline_featured_image":false,"footnotes":""},"categories":[1573],"tags":[634,666,673,1434,1619,1622,1648,1652,1659,1660,1661],"class_list":["post-5839","post","type-post","status-publish","format-standard","has-post-thumbnail","hentry","category-fuetterung","tag-pferdefutter","tag-fellwechsel","tag-pferdegesundheit","tag-pferdefuetterung","tag-weidemanagement","tag-fruktan","tag-pferdefell","tag-mineralstoffe","tag-futterumstellung","tag-herbstgraeser","tag-herbstfuetterung"],"acf":[],"_links":{"self":[{"href":"https:\/\/www.horsedeal.com\/blog\/wp-json\/wp\/v2\/posts\/5839","targetHints":{"allow":["GET"]}}],"collection":[{"href":"https:\/\/www.horsedeal.com\/blog\/wp-json\/wp\/v2\/posts"}],"about":[{"href":"https:\/\/www.horsedeal.com\/blog\/wp-json\/wp\/v2\/types\/post"}],"author":[{"embeddable":true,"href":"https:\/\/www.horsedeal.com\/blog\/wp-json\/wp\/v2\/users\/2"}],"replies":[{"embeddable":true,"href":"https:\/\/www.horsedeal.com\/blog\/wp-json\/wp\/v2\/comments?post=5839"}],"version-history":[{"count":6,"href":"https:\/\/www.horsedeal.com\/blog\/wp-json\/wp\/v2\/posts\/5839\/revisions"}],"predecessor-version":[{"id":5851,"href":"https:\/\/www.horsedeal.com\/blog\/wp-json\/wp\/v2\/posts\/5839\/revisions\/5851"}],"wp:featuredmedia":[{"embeddable":true,"href":"https:\/\/www.horsedeal.com\/blog\/wp-json\/wp\/v2\/media\/5841"}],"wp:attachment":[{"href":"https:\/\/www.horsedeal.com\/blog\/wp-json\/wp\/v2\/media?parent=5839"}],"wp:term":[{"taxonomy":"category","embeddable":true,"href":"https:\/\/www.horsedeal.com\/blog\/wp-json\/wp\/v2\/categories?post=5839"},{"taxonomy":"post_tag","embeddable":true,"href":"https:\/\/www.horsedeal.com\/blog\/wp-json\/wp\/v2\/tags?post=5839"}],"curies":[{"name":"wp","href":"https:\/\/api.w.org\/{rel}","templated":true}]}}