{"id":5800,"date":"2025-08-25T14:41:34","date_gmt":"2025-08-25T12:41:34","guid":{"rendered":"https:\/\/www.horsedeal.com\/blog\/?p=5800"},"modified":"2026-02-27T16:23:53","modified_gmt":"2026-02-27T15:23:53","slug":"der-fellwechsel-kommt-hilfst-du-deinem-pferd-im-fruehjahr-und-herbst","status":"publish","type":"post","link":"https:\/\/www.horsedeal.com\/blog\/pferdewissen\/gesundheit\/der-fellwechsel-kommt-hilfst-du-deinem-pferd-im-fruehjahr-und-herbst","title":{"rendered":"Der Fellwechsel kommt: So hilfst Du deinem Pferd im Fr\u00fchjahr und Herbst"},"content":{"rendered":"<div id=\"bsf_rt_marker\"><\/div><p>Mit dem Fr\u00fchjahr und dem Herbst beginnt f\u00fcr dein Pferd eine Phase intensiver k\u00f6rperlicher Umstellung: der Fellwechsel. Sobald die Tage l\u00e4nger oder k\u00fcrzer werden und die Temperaturen sich ver\u00e4ndern, beginnt der Organismus damit, das Haarkleid an die jeweilige Jahreszeit anzupassen. Dieser nat\u00fcrliche Prozess beansprucht den Stoffwechsel, das Immunsystem sowie Haut und Fell. Mit gezielter Unterst\u00fctzung durch F\u00fctterung, Pflege und Haltung kannst Du dein Pferd in dieser Zeit sinnvoll begleiten und gesundheitliche Belastungen reduzieren.<\/p>\n<h2 id=\"warum-ist-der-fellwechsel-belastend\">Warum ist der Fellwechsel belastend?<\/h2>\n<p>Der Fellwechsel ist f\u00fcr den Organismus deines Pferdes mit erheblichem Energie- und N\u00e4hrstoffbedarf verbunden. Innerhalb weniger Wochen werden Millionen von Haaren abgestossen und ersetzt. Besonders \u00e4ltere, stoffwechselempfindliche oder gesundheitlich vorbelastete Pferde zeigen in dieser Phase h\u00e4ufig Symptome wie M\u00fcdigkeit, stumpfes Fell oder Hautprobleme. Auch das Immunsystem ist st\u00e4rker gefordert.<\/p>\n<p>Der Fellwechsel wird hormonell durch die Tageslichtl\u00e4nge gesteuert. Die Ver\u00e4nderung des nat\u00fcrlichen Lichts &#8211; sei es durch zunehmende Helligkeit im Fr\u00fchjahr oder abnehmendes Tageslicht im Herbst &#8211; reguliert die Melatoninproduktion, aktiviert die Haarwurzeln und setzt den Wachstumszyklus des neuen Haarkleids in Gang. Dabei werden zahlreiche Stoffwechselprozesse angeregt, die auch Leber und Nieren fordern.<\/p>\n<h2 id=\"raufutter-als-basis\">Raufutter als Basis<\/h2>\n<p><img loading=\"lazy\" decoding=\"async\" class=\"alignnone size-full wp-image-5809\" src=\"https:\/\/www.horsedeal.com\/blog\/wp-content\/uploads\/2025\/08\/raufutter-als-basis.webp\" alt=\"Braunes Pferd frisst hochwertiges Heu als Raufutter\" width=\"1500\" height=\"1000\" srcset=\"https:\/\/www.horsedeal.com\/blog\/wp-content\/uploads\/2025\/08\/raufutter-als-basis.webp 1500w, https:\/\/www.horsedeal.com\/blog\/wp-content\/uploads\/2025\/08\/raufutter-als-basis-1280x853.webp 1280w, https:\/\/www.horsedeal.com\/blog\/wp-content\/uploads\/2025\/08\/raufutter-als-basis-980x653.webp 980w, https:\/\/www.horsedeal.com\/blog\/wp-content\/uploads\/2025\/08\/raufutter-als-basis-480x320.webp 480w\" sizes=\"(min-width: 0px) and (max-width: 480px) 480px, (min-width: 481px) and (max-width: 980px) 980px, (min-width: 981px) and (max-width: 1280px) 1280px, (min-width: 1281px) 1500px, 100vw\" \/><\/p>\n<p>Eine ausreichende Versorgung mit hochwertigem Raufutter bildet die Grundlage jeder F\u00fctterung &#8211; auch w\u00e4hrend des Fellwechsels. Es liefert Energie, unterst\u00fctzt die Verdauung und hilft beim Abtransport von Stoffwechselprodukten.<\/p>\n<p>Achte auf staubfreies, hygienisch einwandfreies Heu in ausreichender Menge (mindestens 1.5 kg pro 100 kg K\u00f6rpergewicht und Tag). Bei \u00e4lteren Pferden oder Pferden mit Zahnproblemen k\u00f6nnen Heuersatzprodukte wie Heucobs erg\u00e4nzend zum Einsatz kommen, um eine ausreichende Rohfaserversorgung sicherzustellen.<\/p>\n<h2 id=\"naehrstoffe-gezielt-ergaenzen\">N\u00e4hrstoffe gezielt erg\u00e4nzen<\/h2>\n<p>W\u00e4hrend des Fellwechsels steigt der Bedarf an bestimmten Vitaminen, Mineralien und Spurenelementen deutlich an:<\/p>\n<ul>\n<li><strong>Zink:<\/strong> Wichtig f\u00fcr Haut, Fell, Wundheilung und Immunsystem<\/li>\n<li><strong>Biotin:<\/strong> F\u00f6rdert Fellglanz und gesundes Hufwachstum<\/li>\n<li><strong>Kupfer:<\/strong> Beteiligt am Pigmentstoffwechsel<\/li>\n<li><strong>Selen und Vitamin E:<\/strong> Unterst\u00fctzen den antioxidativen Zellschutz (Vorsicht: Selen nur nach tier\u00e4rztlich best\u00e4tigtem Mangel zus\u00e4tzlich erg\u00e4nzen, da eine \u00dcberdosierung schnell gef\u00e4hrlich werden kann!)<\/li>\n<li><strong>Schwefelhaltige Aminos\u00e4uren (Methionin, Cystein):<\/strong> Bestandteil des Haarkeratins<\/li>\n<li><strong>Omega-3-Fetts\u00e4u\u00e4ren:<\/strong> Elastizit\u00e4t von Haut- und Hornstrukturen, Hautregeneration<\/li>\n<\/ul>\n<p>Wichtig ist auch der richtige Zeitpunkt f\u00fcr die N\u00e4hrstofferg\u00e4nzung. Setzt der Fellwechsel bereits mit dem ersten Haarverlust ein, kommt die Unterst\u00fctzung meist etwas zu sp\u00e4t. Das neue Haarkleid, das f\u00fcr seine Bildung auf N\u00e4hrstoffe angewiesen ist, ist zu diesem Zeitpunkt bereits teilweise gebildet. Deshalb sollten die ben\u00f6tigten N\u00e4hrstoffe schon vor Beginn des Fellwechsels erg\u00e4nzt werden.<\/p>\n<h3 id=\"diese-produkte-eignen-sich-ideal-fuer-eine-6-bis-8-woechige-kur-im-fruehjahr-oder-herbst\">Diese Produkte eignen sich ideal f\u00fcr eine 6- bis 8-w\u00f6chige Kur im Fr\u00fchjahr oder Herbst.<\/h3>\n<ul>\n<li><a href=\"https:\/\/shop.hypona.ch\/shop\/products\/2895769\" target=\"_blank\" rel=\"noopener noreferrer sponsored\">HYPONA Minevita-Natur<\/a> (erh\u00f6hter Zinkgehalt)<\/li>\n<li><a href=\"https:\/\/shop.hypona.ch\/shop\/products\/4405182\" target=\"_blank\" rel=\"noopener noreferrer sponsored\">AGROBS Zink pur<\/a> oder <a href=\"https:\/\/shop.hypona.ch\/shop\/products\/4223482\" target=\"_blank\" rel=\"noopener noreferrer sponsored\">St. Hippolyt Hesta plus Zink<\/a><\/li>\n<li><a href=\"https:\/\/shop.hypona.ch\/shop\/products\/4404072\" target=\"_blank\" rel=\"noopener noreferrer sponsored\">AGROBS Amino pur<\/a><\/li>\n<li><a href=\"https:\/\/shop.hypona.ch\/shop\/products\/4408075\" target=\"_blank\" rel=\"noopener noreferrer sponsored\">AGROBS Gipfelst\u00fcrmer<\/a> (erh\u00f6hte Gehalte an Mineralstoffen und zus\u00e4tzlich Aminos\u00e4uren)<\/li>\n<li><a href=\"https:\/\/shop.hypona.ch\/shop\/products\/4215072\" target=\"_blank\" rel=\"noopener noreferrer sponsored\">St. Hippolyt MicroVital<\/a> oder <a href=\"https:\/\/shop.hypona.ch\/shop\/products\/4407082\" target=\"_blank\" rel=\"noopener noreferrer sponsored\">AGROBS Spurenelemente pur<\/a> (beides Spurenelement-Booster)<\/li>\n<li><a href=\"https:\/\/www.landi.ch\/shop\/pferdefutter_130301\/futterzusatz-hoof-plus-hyp-2-kg_65621\" target=\"_blank\" rel=\"noopener noreferrer sponsored\">HYPONA Hoof-plus<\/a> oder <a href=\"https:\/\/shop.hypona.ch\/shop\/products\/4200082\" target=\"_blank\" rel=\"noopener noreferrer sponsored\">St. Hippolyt Biotin Hoof Mixture<\/a> (beides zur Biotin-Erg\u00e4nzung)<\/li>\n<\/ul>\n<p>Schon zu Beginn des Fellwechsels ist der Allgemeinzustand des Pferdes entscheidend. Da sich der Fellwechsel \u00fcber mehrere Wochen hinziehen kann, kommt ein gut vorbereitetes Pferd deutlich leichter hindurch. Bestehen bereits vorher bspw. Spurenelementm\u00e4ngel, versch\u00e4rfen sich diese w\u00e4hrend des Fellwechsels. Um dem vorzubeugen, sollten Mineralstoffe w\u00e4hrend dem ganzen Jahr t\u00e4glich bedarfsgerecht gef\u00fcttert werden.<\/p>\n<h3 id=\"3-beispiele-fuer-ganzjaehrig-geeignete-mineralfuttermittel\">3 Beispiele f\u00fcr ganzj\u00e4hrig geeignete Mineralfuttermittel<\/h3>\n<ul>\n<li><a href=\"https:\/\/shop.hypona.ch\/shop\/products\/2895069\" target=\"_blank\" rel=\"noopener noreferrer sponsored\">HYPONA-Minevita<\/a> \/ <a href=\"https:\/\/shop.hypona.ch\/shop\/products\/2895769\" target=\"_blank\" rel=\"noopener noreferrer sponsored\">Minevita-Natur<\/a><\/li>\n<li><a href=\"https:\/\/shop.hypona.ch\/shop\/products\/4400072\" target=\"_blank\" rel=\"noopener noreferrer sponsored\">AGROBS Naturmineral<\/a><\/li>\n<li><a href=\"https:\/\/shop.hypona.ch\/shop\/products\/4218065\" target=\"_blank\" rel=\"noopener noreferrer sponsored\">Hippolyt SemperMin Mineralm\u00fcsli<\/a><\/li>\n<\/ul>\n<h2 id=\"energiezufuhr-gezielt-anpassen\">Energiezufuhr gezielt anpassen<\/h2>\n<p>Im Fellwechsel steigt der Energiebedarf deines Pferdes leicht an. Zeigt es in dieser Phase trotz gezielter N\u00e4hrstofferg\u00e4nzung, wie oben beschrieben, Anzeichen von Mattigkeit, Gewichtsverlust oder nachlassendem Appetit, kann ein energiereiches, gleichzeitig aber magenfreundliches Kraftfutter sinnvoll sein. Besonders geeignet sind faserbasierte M\u00fcslis mit geringem St\u00e4rkeanteil, \u00d6l oder hydrothermisch aufgeschlossene Getreideflocken, da sie leicht verdaulich sind und den Verdauungstrakt nicht unn\u00f6tig belasten.<\/p>\n<p><strong>Wichtig:<\/strong> Jede Rationsumstellung oder -erg\u00e4nzung mit Kraftfutter sollte langsam erfolgen.<\/p>\n<h2 id=\"leber-und-nieren-entlasten\">Leber und Nieren entlasten<\/h2>\n<p>Leber und Nieren spielen eine zentrale Rolle beim Abbau und Abtransport von Stoffwechselprodukten. Eine gezielte Unterst\u00fctzung in dieser Phase kann sinnvoll sein &#8211; etwa durch f\u00fctterungsbedingte Entlastung und die Gabe ausgew\u00e4hlter Kr\u00e4uter (z.\u202fB. Mariendistel oder L\u00f6wenzahn).<\/p>\n<p><strong>Wichtig:<\/strong> Die Leber- und Nierenwerte zuerst tier\u00e4rztlich \u00fcberpr\u00fcfen lassen, bevor erg\u00e4nzt wird. Wird ausserdem eine Kur von Leber und \/ oder Nieren angestrebt, muss auch die restliche Ration betrachtet werden. Wird z. B. die Leberregeneration angestrebt, sollten nicht zu viele Proteine und keine \u00d6le zugef\u00fcttert werden, um die Leber zu entlasten.<\/p>\n<p>Auch hier gilt: Sauberes Wasser und qualitativ hochwertiges Heu in ausreichender Menge ist entscheidend. Weitere Tipps zur Lagerung von Heu, Kraftfutter und Wasser im Sommer findest Du auch in unserem Beitrag <a href=\"https:\/\/www.horsedeal.com\/blog\/pferdewissen\/fuetterung\/heu-und-co-wie-du-die-qualitaet-deiner-futtermittel-im-sommer-sicherstellst\">Heu &amp; Co.: Wie Du die Qualit\u00e4t deiner Futtermittel im Sommer sicherstellst<\/a>. Achte darauf, dass Tr\u00e4nken t\u00e4glich gereinigt und regelm\u00e4ssig kontrolliert werden.<\/p>\n<h2 id=\"fellpflege-als-taegliche-unterstuetzung\">Fellpflege als t\u00e4gliche Unterst\u00fctzung<\/h2>\n<p><img loading=\"lazy\" decoding=\"async\" class=\"alignnone size-full wp-image-5810\" src=\"https:\/\/www.horsedeal.com\/blog\/wp-content\/uploads\/2025\/08\/fellpflege-als-taegliche-unterstuetzung.webp\" alt=\"Junge Reiterin k\u00e4mmt das Fell ihres Schecken-Ponys\" width=\"1500\" height=\"1000\" srcset=\"https:\/\/www.horsedeal.com\/blog\/wp-content\/uploads\/2025\/08\/fellpflege-als-taegliche-unterstuetzung.webp 1500w, https:\/\/www.horsedeal.com\/blog\/wp-content\/uploads\/2025\/08\/fellpflege-als-taegliche-unterstuetzung-1280x853.webp 1280w, https:\/\/www.horsedeal.com\/blog\/wp-content\/uploads\/2025\/08\/fellpflege-als-taegliche-unterstuetzung-980x653.webp 980w, https:\/\/www.horsedeal.com\/blog\/wp-content\/uploads\/2025\/08\/fellpflege-als-taegliche-unterstuetzung-480x320.webp 480w\" sizes=\"(min-width: 0px) and (max-width: 480px) 480px, (min-width: 481px) and (max-width: 980px) 980px, (min-width: 981px) and (max-width: 1280px) 1280px, (min-width: 1281px) 1500px, 100vw\" \/><\/p>\n<p>Regelm\u00e4ssiges Striegeln f\u00f6rdert die Durchblutung der Haut und l\u00f6st abgestorbene Haare. Verwende weiche Striegel, Massageb\u00fcrsten oder Gummihandschuhe, um lose Haare effektiv zu entfernen.<\/p>\n<p>Zus\u00e4tzlich unterst\u00fctzt die mechanische Fellpflege das Wohlbefinden deines Pferdes und hilft dabei, Hautreizungen, Verfilzungen oder \u00fcberm\u00e4ssigen Juckreiz zu vermeiden. Bew\u00e4hrt haben sich unter anderem Federstriegel, Fellkratzer mit Wechselklingen, Gummistriegel oder Pflegehandschuhe mit Massagenoppen &#8211; je nach Felltyp und Empfindlichkeit deines Pferdes.<\/p>\n<h2 id=\"sensible-pferde-gezielt-unterstuetzen\">Sensible Pferde gezielt unterst\u00fctzen<\/h2>\n<p><img loading=\"lazy\" decoding=\"async\" class=\"alignnone size-full wp-image-5811\" src=\"https:\/\/www.horsedeal.com\/blog\/wp-content\/uploads\/2025\/08\/sensible-pferde-gezielt-unterstuetzen.webp\" alt=\"Altes Pferd steht auf der Koppel\" width=\"1500\" height=\"1000\" srcset=\"https:\/\/www.horsedeal.com\/blog\/wp-content\/uploads\/2025\/08\/sensible-pferde-gezielt-unterstuetzen.webp 1500w, https:\/\/www.horsedeal.com\/blog\/wp-content\/uploads\/2025\/08\/sensible-pferde-gezielt-unterstuetzen-1280x853.webp 1280w, https:\/\/www.horsedeal.com\/blog\/wp-content\/uploads\/2025\/08\/sensible-pferde-gezielt-unterstuetzen-980x653.webp 980w, https:\/\/www.horsedeal.com\/blog\/wp-content\/uploads\/2025\/08\/sensible-pferde-gezielt-unterstuetzen-480x320.webp 480w\" sizes=\"(min-width: 0px) and (max-width: 480px) 480px, (min-width: 481px) and (max-width: 980px) 980px, (min-width: 981px) and (max-width: 1280px) 1280px, (min-width: 1281px) 1500px, 100vw\" \/><\/p>\n<p>Pferde mit Stoffwechselproblemen, \u00e4ltere Tiere oder solche mit bereits bestehenden Hautproblemen haben w\u00e4hrend des Fellwechsels oft mehr Unterst\u00fctzungsbedarf. Achte auf Symptome wie stumpfes Fell, Juckreiz, kahle Stellen, Hautschuppen oder verz\u00f6gerten Fellwechsel.<\/p>\n<p>In solchen F\u00e4llen empfiehlt sich eine zus\u00e4tzliche F\u00fctterung gezielter Erg\u00e4nzungsfuttermittel. Besprich die Symptome am besten mit einem Tierarzt oder F\u00fctterungsexperten, da die unterschiedlichen Symptome auf unterschiedliche M\u00e4ngel hinweisen k\u00f6nnen. So kannst Du sicherstellen, dass dein Pferde weder \u00fcber- noch unterversorgt ist.<\/p>\n<h2 id=\"haut-und-fell-ganzheitlich-betrachten\">Haut und Fell ganzheitlich betrachten<\/h2>\n<p><img loading=\"lazy\" decoding=\"async\" class=\"alignnone size-full wp-image-5812\" src=\"https:\/\/www.horsedeal.com\/blog\/wp-content\/uploads\/2025\/08\/haut-und-fell-ganzheitlich-betrachten.webp\" alt=\"Fell eines Pferdes in der Farbe Fuchs\" width=\"1500\" height=\"1000\" srcset=\"https:\/\/www.horsedeal.com\/blog\/wp-content\/uploads\/2025\/08\/haut-und-fell-ganzheitlich-betrachten.webp 1500w, https:\/\/www.horsedeal.com\/blog\/wp-content\/uploads\/2025\/08\/haut-und-fell-ganzheitlich-betrachten-1280x853.webp 1280w, https:\/\/www.horsedeal.com\/blog\/wp-content\/uploads\/2025\/08\/haut-und-fell-ganzheitlich-betrachten-980x653.webp 980w, https:\/\/www.horsedeal.com\/blog\/wp-content\/uploads\/2025\/08\/haut-und-fell-ganzheitlich-betrachten-480x320.webp 480w\" sizes=\"(min-width: 0px) and (max-width: 480px) 480px, (min-width: 481px) and (max-width: 980px) 980px, (min-width: 981px) and (max-width: 1280px) 1280px, (min-width: 1281px) 1500px, 100vw\" \/><\/p>\n<p>Ein gl\u00e4nzendes Fell ist das Ergebnis funktionierender Prozesse im Inneren des Pferdek\u00f6rpers. Neben der F\u00fctterung spielen auch Stress, Haltung, Parasiten oder Witterungseinfl\u00fcsse eine Rolle. Daher ist es sinnvoll, Haut und Fell regelm\u00e4ssig zu kontrollieren &#8211; z.\u202fB. auf Milben, Mauke oder allergische Reaktionen.<\/p>\n<p>Bei Unsicherheiten oder anhaltenden Problemen empfiehlt sich die R\u00fccksprache mit Tierarzt oder F\u00fctterungsexperten.<\/p>\n<p>Auch hier gibt es Pflegeprodukte, welche von aussen unterst\u00fctzen k\u00f6nnen:<\/p>\n<ul>\n<li><a href=\"https:\/\/shop.hypona.ch\/shop\/products\/4349289\" target=\"_blank\" rel=\"noopener noreferrer sponsored\">Relax BioCare Dermigard<\/a>: Allround-Pflege bei Haarausfall, strapazierter Haut &amp; Juckreiz (z. B. aufgrund von Pilzen, Milben oder anderen Parasiten)<\/li>\n<li><a href=\"https:\/\/shop.hypona.ch\/shop\/products\/4349399\" target=\"_blank\" rel=\"noopener noreferrer sponsored\">Relax BioCare Fesselliquid<\/a>: Zur Unterst\u00fctzung und Pflege bei besonderer Beanspruchung wie Mauke, Raspe, Milbenbefall oder bakteriellen Infektionen im Bereich der Fesseln und Beine<\/li>\n<li><a href=\"https:\/\/www.hypona.ch\/de\/produkt\/bergsiegel-silver-care-balsam-100-ml\" target=\"_blank\" rel=\"noopener noreferrer sponsored\">Bergsiegel Silver Care Balsam<\/a> \/ Spray: Intensivpflege f\u00fcr strapazierte Haut<\/li>\n<\/ul>\n<h2 id=\"bewegung-foerdert-den-fellwechsel\">Bewegung f\u00f6rdert den Fellwechsel<\/h2>\n<p><img loading=\"lazy\" decoding=\"async\" class=\"alignnone size-full wp-image-5813\" src=\"https:\/\/www.horsedeal.com\/blog\/wp-content\/uploads\/2025\/08\/bewegung-foerdert-den-fellwechsel.webp\" alt=\"Pferd wird longiert im Roundpen\" width=\"1500\" height=\"1000\" srcset=\"https:\/\/www.horsedeal.com\/blog\/wp-content\/uploads\/2025\/08\/bewegung-foerdert-den-fellwechsel.webp 1500w, https:\/\/www.horsedeal.com\/blog\/wp-content\/uploads\/2025\/08\/bewegung-foerdert-den-fellwechsel-1280x853.webp 1280w, https:\/\/www.horsedeal.com\/blog\/wp-content\/uploads\/2025\/08\/bewegung-foerdert-den-fellwechsel-980x653.webp 980w, https:\/\/www.horsedeal.com\/blog\/wp-content\/uploads\/2025\/08\/bewegung-foerdert-den-fellwechsel-480x320.webp 480w\" sizes=\"(min-width: 0px) and (max-width: 480px) 480px, (min-width: 481px) and (max-width: 980px) 980px, (min-width: 981px) and (max-width: 1280px) 1280px, (min-width: 1281px) 1500px, 100vw\" \/><\/p>\n<p>Moderate Bewegung regt den Kreislauf an, f\u00f6rdert den Stoffwechsel und beschleunigt so den Fellwechsel. Spazierg\u00e4nge, Bodenarbeit oder lockeres Longieren eignen sich gut. Achte jedoch auf die individuelle Tagesform deines Pferdes &#8211; in dieser Phase sind viele Tiere m\u00fcder oder empfindlicher als gewohnt.<\/p>\n<h2 id=\"fazit-gezielt-unterstuetzen-statt-abwarten\">Fazit: Gezielt unterst\u00fctzen statt abwarten<\/h2>\n<p>Der Fellwechsel stellt dein Pferd im Fr\u00fchjahr wie im Herbst vor eine komplexe Umstellung. Mit gezielter F\u00fctterung, regelm\u00e4ssiger Pflege und passenden Erg\u00e4nzungsprodukten kannst Du helfen, diese Phase m\u00f6glichst stressfrei und gesund zu bew\u00e4ltigen.<\/p>\n<p>Produkte wie <a href=\"https:\/\/shop.hypona.ch\/shop\/products\/4405182\" target=\"_blank\" rel=\"noopener noreferrer sponsored\">AGROBS Zink pur<\/a>, <a href=\"https:\/\/shop.hypona.ch\/shop\/products\/4215072\" target=\"_blank\" rel=\"noopener noreferrer sponsored\">St. Hippolyt MicroVital<\/a> oder der <a href=\"https:\/\/shop.hypona.ch\/shop\/products\/4408075\" target=\"_blank\" rel=\"noopener noreferrer sponsored\">AGROBS Gipfelst\u00fcrmer<\/a> bieten sinnvolle Unterst\u00fctzung &#8211; abgestimmt auf die Bed\u00fcrfnisse deines Pferdes.<\/p>\n<p>Mit ausreichend Raufutter, auf den Bedarf angepassten Erg\u00e4nzungs-Produkten, Bewegung, sauberem Wasser und t\u00e4glicher Aufmerksamkeit legst Du die Basis f\u00fcr ein gesundes Fell, starke Hufe und ein gest\u00e4rktes Immunsystem und sorgst daf\u00fcr, dass dein Pferd vital durch Fr\u00fchling und Herbst kommt.<\/p>\n\n\n<div class=\"kk-star-ratings kksr-auto kksr-align-center kksr-valign-bottom\"\n    data-payload='{&quot;align&quot;:&quot;center&quot;,&quot;id&quot;:&quot;5800&quot;,&quot;slug&quot;:&quot;default&quot;,&quot;valign&quot;:&quot;bottom&quot;,&quot;ignore&quot;:&quot;&quot;,&quot;reference&quot;:&quot;auto&quot;,&quot;class&quot;:&quot;&quot;,&quot;count&quot;:&quot;144&quot;,&quot;legendonly&quot;:&quot;&quot;,&quot;readonly&quot;:&quot;&quot;,&quot;score&quot;:&quot;4.9&quot;,&quot;starsonly&quot;:&quot;&quot;,&quot;best&quot;:&quot;5&quot;,&quot;gap&quot;:&quot;5&quot;,&quot;greet&quot;:&quot;Bewerte diesen Beitrag&quot;,&quot;legend&quot;:&quot;4.9\\\/5 aus 144 Bewertungen&quot;,&quot;size&quot;:&quot;24&quot;,&quot;title&quot;:&quot;Der Fellwechsel kommt: So hilfst Du deinem Pferd im Fr\u00fchjahr und Herbst&quot;,&quot;width&quot;:&quot;139.6&quot;,&quot;_legend&quot;:&quot;{score}\\\/{best} aus {count} Bewertungen&quot;,&quot;font_factor&quot;:&quot;1.25&quot;}'>\n            \n<div class=\"kksr-stars\">\n    \n<div class=\"kksr-stars-inactive\">\n            <div class=\"kksr-star\" data-star=\"1\" style=\"padding-right: 5px\">\n            \n\n<div class=\"kksr-icon\" style=\"width: 24px; height: 24px;\"><\/div>\n        <\/div>\n            <div class=\"kksr-star\" data-star=\"2\" style=\"padding-right: 5px\">\n            \n\n<div class=\"kksr-icon\" style=\"width: 24px; height: 24px;\"><\/div>\n        <\/div>\n            <div class=\"kksr-star\" data-star=\"3\" style=\"padding-right: 5px\">\n            \n\n<div class=\"kksr-icon\" style=\"width: 24px; height: 24px;\"><\/div>\n        <\/div>\n            <div class=\"kksr-star\" data-star=\"4\" style=\"padding-right: 5px\">\n            \n\n<div class=\"kksr-icon\" style=\"width: 24px; height: 24px;\"><\/div>\n        <\/div>\n            <div class=\"kksr-star\" data-star=\"5\" style=\"padding-right: 5px\">\n            \n\n<div class=\"kksr-icon\" style=\"width: 24px; height: 24px;\"><\/div>\n        <\/div>\n    <\/div>\n    \n<div class=\"kksr-stars-active\" style=\"width: 139.6px;\">\n            <div class=\"kksr-star\" style=\"padding-right: 5px\">\n            \n\n<div class=\"kksr-icon\" style=\"width: 24px; height: 24px;\"><\/div>\n        <\/div>\n            <div class=\"kksr-star\" style=\"padding-right: 5px\">\n            \n\n<div class=\"kksr-icon\" style=\"width: 24px; height: 24px;\"><\/div>\n        <\/div>\n            <div class=\"kksr-star\" style=\"padding-right: 5px\">\n            \n\n<div class=\"kksr-icon\" style=\"width: 24px; height: 24px;\"><\/div>\n        <\/div>\n            <div class=\"kksr-star\" style=\"padding-right: 5px\">\n            \n\n<div class=\"kksr-icon\" style=\"width: 24px; height: 24px;\"><\/div>\n        <\/div>\n            <div class=\"kksr-star\" style=\"padding-right: 5px\">\n            \n\n<div class=\"kksr-icon\" style=\"width: 24px; height: 24px;\"><\/div>\n        <\/div>\n    <\/div>\n<\/div>\n                \n\n<div class=\"kksr-legend\" style=\"font-size: 19.2px;\">\n            4.9\/5 aus 144 Bewertungen    <\/div>\n    <\/div>\n","protected":false},"excerpt":{"rendered":"<p>Mit dem Fr\u00fchjahr und dem Herbst beginnt f\u00fcr dein Pferd eine Phase intensiver k\u00f6rperlicher Umstellung: der Fellwechsel. Sobald die Tage l\u00e4nger oder k\u00fcrzer werden und die Temperaturen sich ver\u00e4ndern, beginnt der Organismus damit, das Haarkleid an die jeweilige Jahreszeit anzupassen. Dieser nat\u00fcrliche Prozess beansprucht den Stoffwechsel, das Immunsystem sowie Haut und Fell. Mit gezielter Unterst\u00fctzung [&hellip;]<\/p>\n","protected":false},"author":2,"featured_media":5808,"comment_status":"open","ping_status":"open","sticky":false,"template":"","format":"standard","meta":{"_acf_changed":false,"_et_pb_use_builder":"","_et_pb_old_content":"","_et_gb_content_width":"","inline_featured_image":false,"footnotes":""},"categories":[1575],"tags":[634,666,673,1434,1647,1648,1650,1651,1652,1679],"class_list":["post-5800","post","type-post","status-publish","format-standard","has-post-thumbnail","hentry","category-gesundheit","tag-pferdefutter","tag-fellwechsel","tag-pferdegesundheit","tag-pferdefuetterung","tag-pferdehaut","tag-pferdefell","tag-biotin","tag-zink","tag-mineralstoffe","tag-aminosaeuren"],"acf":[],"_links":{"self":[{"href":"https:\/\/www.horsedeal.com\/blog\/wp-json\/wp\/v2\/posts\/5800","targetHints":{"allow":["GET"]}}],"collection":[{"href":"https:\/\/www.horsedeal.com\/blog\/wp-json\/wp\/v2\/posts"}],"about":[{"href":"https:\/\/www.horsedeal.com\/blog\/wp-json\/wp\/v2\/types\/post"}],"author":[{"embeddable":true,"href":"https:\/\/www.horsedeal.com\/blog\/wp-json\/wp\/v2\/users\/2"}],"replies":[{"embeddable":true,"href":"https:\/\/www.horsedeal.com\/blog\/wp-json\/wp\/v2\/comments?post=5800"}],"version-history":[{"count":12,"href":"https:\/\/www.horsedeal.com\/blog\/wp-json\/wp\/v2\/posts\/5800\/revisions"}],"predecessor-version":[{"id":5838,"href":"https:\/\/www.horsedeal.com\/blog\/wp-json\/wp\/v2\/posts\/5800\/revisions\/5838"}],"wp:featuredmedia":[{"embeddable":true,"href":"https:\/\/www.horsedeal.com\/blog\/wp-json\/wp\/v2\/media\/5808"}],"wp:attachment":[{"href":"https:\/\/www.horsedeal.com\/blog\/wp-json\/wp\/v2\/media?parent=5800"}],"wp:term":[{"taxonomy":"category","embeddable":true,"href":"https:\/\/www.horsedeal.com\/blog\/wp-json\/wp\/v2\/categories?post=5800"},{"taxonomy":"post_tag","embeddable":true,"href":"https:\/\/www.horsedeal.com\/blog\/wp-json\/wp\/v2\/tags?post=5800"}],"curies":[{"name":"wp","href":"https:\/\/api.w.org\/{rel}","templated":true}]}}